{"id":21992,"date":"2025-10-22T13:51:11","date_gmt":"2025-10-22T11:51:11","guid":{"rendered":"https:\/\/avs-advisors.com\/?p=21992"},"modified":"2026-01-07T12:23:47","modified_gmt":"2026-01-07T11:23:47","slug":"andreas-von-specht-als-gastredner-beim-36-ebs-symposium","status":"publish","type":"post","link":"https:\/\/avs-advisors.com\/de\/andreas-von-specht-als-gastredner-beim-36-ebs-symposium\/","title":{"rendered":"Andreas von Specht als Gastredner beim 36. EBS Symposium"},"content":{"rendered":"\n<style type=\"text\/css\" data-created_by=\"avia_inline_auto\" id=\"style-css-av-8vgb1o-6917258f33da21f07e60183664e54de0\">\n.flex_column.av-8vgb1o-6917258f33da21f07e60183664e54de0{\n-webkit-border-radius:0px 0px 0px 0px;\n-moz-border-radius:0px 0px 0px 0px;\nborder-radius:0px 0px 0px 0px;\npadding:0px 0px 0px 0px;\n}\n<\/style>\n<div class='flex_column av-8vgb1o-6917258f33da21f07e60183664e54de0 av_one_fifth  avia-builder-el-0  el_before_av_three_fifth  avia-builder-el-first  first flex_column_div av-zero-column-padding '     ><style type=\"text\/css\" data-created_by=\"avia_inline_auto\" id=\"style-css-av-k61yn6kg-0a838015a700e0c76b7d511c0345204b\">\n.avia-image-container.av-k61yn6kg-0a838015a700e0c76b7d511c0345204b img.avia_image{\nbox-shadow:none;\n}\n.avia-image-container.av-k61yn6kg-0a838015a700e0c76b7d511c0345204b .av-image-caption-overlay-center{\ncolor:#ffffff;\n}\n<\/style>\n<div  class='avia-image-container av-k61yn6kg-0a838015a700e0c76b7d511c0345204b av-styling-circle avia-align-center  avia-builder-el-1  avia-builder-el-no-sibling '   itemprop=\"image\" itemscope=\"itemscope\" itemtype=\"https:\/\/schema.org\/ImageObject\" ><div class=\"avia-image-container-inner\"><div class=\"avia-image-overlay-wrap\"><img decoding=\"async\" class='wp-image-21993 avia-img-lazy-loading-not-21993 avia_image ' src=\"https:\/\/avs-advisors.com\/wp-content\/uploads\/2025\/10\/AvS_EBS_Symposium.png\" alt='' title=''  height=\"776\" width=\"776\"  itemprop=\"thumbnailUrl\" srcset=\"https:\/\/avs-advisors.com\/wp-content\/uploads\/2025\/10\/AvS_EBS_Symposium.png 776w, https:\/\/avs-advisors.com\/wp-content\/uploads\/2025\/10\/AvS_EBS_Symposium-300x300.png 300w, https:\/\/avs-advisors.com\/wp-content\/uploads\/2025\/10\/AvS_EBS_Symposium-80x80.png 80w, https:\/\/avs-advisors.com\/wp-content\/uploads\/2025\/10\/AvS_EBS_Symposium-768x768.png 768w, https:\/\/avs-advisors.com\/wp-content\/uploads\/2025\/10\/AvS_EBS_Symposium-36x36.png 36w, https:\/\/avs-advisors.com\/wp-content\/uploads\/2025\/10\/AvS_EBS_Symposium-180x180.png 180w, https:\/\/avs-advisors.com\/wp-content\/uploads\/2025\/10\/AvS_EBS_Symposium-705x705.png 705w\" sizes=\"(max-width: 776px) 100vw, 776px\" \/><\/div><\/div><\/div><\/div>\n\n<style type=\"text\/css\" data-created_by=\"avia_inline_auto\" id=\"style-css-av-7ldcto-9f1016c7c66bb4ad71a854dcaae0ea63\">\n.flex_column.av-7ldcto-9f1016c7c66bb4ad71a854dcaae0ea63{\n-webkit-border-radius:0px 0px 0px 0px;\n-moz-border-radius:0px 0px 0px 0px;\nborder-radius:0px 0px 0px 0px;\npadding:0px 0px 0px 0px;\n}\n<\/style>\n<div class='flex_column av-7ldcto-9f1016c7c66bb4ad71a854dcaae0ea63 av_three_fifth  avia-builder-el-2  el_after_av_one_fifth  el_before_av_one_fifth  flex_column_div av-zero-column-padding '     ><p>\n<style type=\"text\/css\" data-created_by=\"avia_inline_auto\" id=\"style-css-av-13rn4zo-c6d5949d99e11f2d7715ee163b5f4a1e\">\n#top .av-special-heading.av-13rn4zo-c6d5949d99e11f2d7715ee163b5f4a1e{\npadding-bottom:10px;\n}\nbody .av-special-heading.av-13rn4zo-c6d5949d99e11f2d7715ee163b5f4a1e .av-special-heading-tag .heading-char{\nfont-size:25px;\n}\n.av-special-heading.av-13rn4zo-c6d5949d99e11f2d7715ee163b5f4a1e .av-subheading{\nfont-size:15px;\n}\n<\/style>\n<div  class='av-special-heading av-13rn4zo-c6d5949d99e11f2d7715ee163b5f4a1e av-special-heading-h2 blockquote modern-quote  avia-builder-el-3  el_before_av_font_icon  avia-builder-el-first  av-linked-heading'><div class='av-subheading av-subheading_above'><p>Neuigkeiten aus dem Umfeld von AvS Advisors<\/p>\n<\/div><h2 class='av-special-heading-tag'  itemprop=\"headline\"  >Andreas von Specht als Gastredner beim 36. EBS Symposium<\/h2><div class=\"special-heading-border\"><div class=\"special-heading-inner-border\"><\/div><\/div><\/div><br \/>\n\n<style type=\"text\/css\" data-created_by=\"avia_inline_auto\" id=\"style-css-av-k61yt6pc-4b3d0b31c33d1ba5940ad0ea1382b06a\">\n.av_font_icon.av-k61yt6pc-4b3d0b31c33d1ba5940ad0ea1382b06a .av-icon-char{\nfont-size:40px;\nline-height:40px;\n}\n<\/style>\n<span  class='av_font_icon av-k61yt6pc-4b3d0b31c33d1ba5940ad0ea1382b06a avia_animate_when_visible av-icon-style- avia-icon-pos-left av-no-color avia-icon-animate'><span class='av-icon-char' aria-hidden='true' data-av_icon='\ue819' data-av_iconfont='entypo-fontello' ><\/span><\/span><br \/>\n<section  class='av_textblock_section av-k61ywyoh-7f470ad3569ca33265d80d802f7d20f4'  itemscope=\"itemscope\" itemtype=\"https:\/\/schema.org\/BlogPosting\" itemprop=\"blogPost\" ><div class='avia_textblock'  itemprop=\"text\" ><p>Beim diesj\u00e4hrigen EBS Symposium am 19. und 20. September war Andreas von Specht, Gr\u00fcnder und Managing Partner von AvS Advisors, als Gastredner f\u00fcr den zweiten Veranstaltungstag eingeladen. Das von Studierenden der EBS Universit\u00e4t f\u00fcr Wirtschaft und Recht organisierte Symposium bot auch in seiner 36. Auflage ein vielf\u00e4ltiges Programm aus Keynotes, Fachpanels und Gespr\u00e4chsformaten mit Pers\u00f6nlichkeiten aus Wirtschaft, Wissenschaft und Politik.<\/p>\n<\/div><\/section><br \/>\n\n<style type=\"text\/css\" data-created_by=\"avia_inline_auto\" id=\"style-css-av-mh1wr8y5-4090647e99d3063f6742e614a6bf30a1\">\n.av-horizontal-gallery.av-mh1wr8y5-4090647e99d3063f6742e614a6bf30a1{\npadding:7.5% 0px;;\n}\n.av-horizontal-gallery.av-mh1wr8y5-4090647e99d3063f6742e614a6bf30a1 .av-horizontal-gallery-inner{\npadding-bottom:50%;\n}\n<\/style>\n<div  class='av-horizontal-gallery av-mh1wr8y5-4090647e99d3063f6742e614a6bf30a1 av-horizontal-gallery-large-gap av-horizontal-gallery-enlarge-effect  avia-builder-el-6  el_after_av_textblock  el_before_av_textblock  av-slideshow-ui av-control-hidden av-no-slider-navigation av-hide-nav-arrows av-slideshow-manual av-loop-once av-loop-manual-once av-horizontal-gallery-1' data-slideshow-data=\"{&quot;enlarge&quot;:1.3,&quot;animation&quot;:&quot;slide&quot;,&quot;autoplay&quot;:false,&quot;loop_autoplay&quot;:&quot;once&quot;,&quot;interval&quot;:5,&quot;loop_manual&quot;:&quot;manual-once&quot;,&quot;autoplay_stopper&quot;:false,&quot;noNavigation&quot;:true,&quot;bg_slider&quot;:false,&quot;keep_padding&quot;:&quot;&quot;,&quot;hoverpause&quot;:false,&quot;show_slide_delay&quot;:0}\"  itemprop=\"image\" itemscope=\"itemscope\" itemtype=\"https:\/\/schema.org\/ImageObject\" ><div class='avia-slideshow-arrows avia-slideshow-controls' ><a href='#prev' class='prev-slide av-horizontal-gallery-prev' aria-hidden='true' data-av_icon='\ue87c' data-av_iconfont='entypo-fontello'  tabindex='-1'>Zur\u00fcck<\/a><a href='#next' class='next-slide av-horizontal-gallery-next' aria-hidden='true' data-av_icon='\ue87d' data-av_iconfont='entypo-fontello'  tabindex='-1'>Weiter<\/a><\/div><div class='avia-slideshow-dots avia-slideshow-controls av-horizontal-gallery-dots fade-in'><a href='#1' class='goto-slide active' >1<\/a><a href='#2' class='goto-slide ' >2<\/a><\/div><div class='av-horizontal-gallery-inner' data-av-height='50'><div class=\"av-horizontal-gallery-slider\"><div class=\"av-horizontal-gallery-wrap noHover\"><img decoding=\"async\" class='wp-image-21998 avia-img-lazy-loading-not-21998 av-horizontal-gallery-img' width=\"773\" height=\"1030\" src=\"https:\/\/avs-advisors.com\/wp-content\/uploads\/2025\/10\/img_3545-773x1030.jpg\" title='' alt='' srcset=\"https:\/\/avs-advisors.com\/wp-content\/uploads\/2025\/10\/img_3545-773x1030.jpg 773w, https:\/\/avs-advisors.com\/wp-content\/uploads\/2025\/10\/img_3545-225x300.jpg 225w, https:\/\/avs-advisors.com\/wp-content\/uploads\/2025\/10\/img_3545-768x1024.jpg 768w, https:\/\/avs-advisors.com\/wp-content\/uploads\/2025\/10\/img_3545-1152x1536.jpg 1152w, https:\/\/avs-advisors.com\/wp-content\/uploads\/2025\/10\/img_3545-1125x1500.jpg 1125w, https:\/\/avs-advisors.com\/wp-content\/uploads\/2025\/10\/img_3545-529x705.jpg 529w, https:\/\/avs-advisors.com\/wp-content\/uploads\/2025\/10\/img_3545.jpg 1500w\" sizes=\"(max-width: 773px) 100vw, 773px\" \/><a href=\"https:\/\/avs-advisors.com\/wp-content\/uploads\/2025\/10\/img_3545-773x1030.jpg\" data-srcset=\"https:\/\/avs-advisors.com\/wp-content\/uploads\/2025\/10\/img_3545-773x1030.jpg 773w, https:\/\/avs-advisors.com\/wp-content\/uploads\/2025\/10\/img_3545-225x300.jpg 225w, https:\/\/avs-advisors.com\/wp-content\/uploads\/2025\/10\/img_3545-768x1024.jpg 768w, https:\/\/avs-advisors.com\/wp-content\/uploads\/2025\/10\/img_3545-1152x1536.jpg 1152w, https:\/\/avs-advisors.com\/wp-content\/uploads\/2025\/10\/img_3545-1125x1500.jpg 1125w, https:\/\/avs-advisors.com\/wp-content\/uploads\/2025\/10\/img_3545-529x705.jpg 529w, https:\/\/avs-advisors.com\/wp-content\/uploads\/2025\/10\/img_3545.jpg 1500w\" data-sizes=\"(max-width: 773px) 100vw, 773px\" class='av-horizontal-gallery-link' aria-hidden='true' data-av_icon='\ue869' data-av_iconfont='entypo-fontello' title='' alt=''><\/a><\/div><div class=\"av-horizontal-gallery-wrap noHover\"><img decoding=\"async\" class='wp-image-22007 avia-img-lazy-loading-not-22007 av-horizontal-gallery-img' width=\"1030\" height=\"773\" src=\"https:\/\/avs-advisors.com\/wp-content\/uploads\/2025\/10\/IMG_3689-1030x773.jpg\" title='' alt='' srcset=\"https:\/\/avs-advisors.com\/wp-content\/uploads\/2025\/10\/IMG_3689-1030x773.jpg 1030w, https:\/\/avs-advisors.com\/wp-content\/uploads\/2025\/10\/IMG_3689-300x225.jpg 300w, https:\/\/avs-advisors.com\/wp-content\/uploads\/2025\/10\/IMG_3689-768x576.jpg 768w, https:\/\/avs-advisors.com\/wp-content\/uploads\/2025\/10\/IMG_3689-1536x1152.jpg 1536w, https:\/\/avs-advisors.com\/wp-content\/uploads\/2025\/10\/IMG_3689-2048x1536.jpg 2048w, https:\/\/avs-advisors.com\/wp-content\/uploads\/2025\/10\/IMG_3689-1500x1125.jpg 1500w, https:\/\/avs-advisors.com\/wp-content\/uploads\/2025\/10\/IMG_3689-705x529.jpg 705w\" sizes=\"(max-width: 1030px) 100vw, 1030px\" \/><a href=\"https:\/\/avs-advisors.com\/wp-content\/uploads\/2025\/10\/IMG_3689-1030x773.jpg\" data-srcset=\"https:\/\/avs-advisors.com\/wp-content\/uploads\/2025\/10\/IMG_3689-1030x773.jpg 1030w, https:\/\/avs-advisors.com\/wp-content\/uploads\/2025\/10\/IMG_3689-300x225.jpg 300w, https:\/\/avs-advisors.com\/wp-content\/uploads\/2025\/10\/IMG_3689-768x576.jpg 768w, https:\/\/avs-advisors.com\/wp-content\/uploads\/2025\/10\/IMG_3689-1536x1152.jpg 1536w, https:\/\/avs-advisors.com\/wp-content\/uploads\/2025\/10\/IMG_3689-2048x1536.jpg 2048w, https:\/\/avs-advisors.com\/wp-content\/uploads\/2025\/10\/IMG_3689-1500x1125.jpg 1500w, https:\/\/avs-advisors.com\/wp-content\/uploads\/2025\/10\/IMG_3689-705x529.jpg 705w\" data-sizes=\"(max-width: 1030px) 100vw, 1030px\" class='av-horizontal-gallery-link' aria-hidden='true' data-av_icon='\ue869' data-av_iconfont='entypo-fontello' title='' alt=''><\/a><\/div><\/div><\/div><\/div><br \/>\n<section  class='av_textblock_section av-mh1xcrtx-aabbdf39737628c05082542458a166f8'  itemscope=\"itemscope\" itemtype=\"https:\/\/schema.org\/BlogPosting\" itemprop=\"blogPost\" ><div class='avia_textblock'  itemprop=\"text\" ><p>Unter dem Titel \u201eWalking down my memory lane\u201c blickte Andreas von Specht auf pr\u00e4gende Stationen seines Berufswegs zur\u00fcck \u2013 von fr\u00fchen Umwegen und der bewussten Neuorientierung nach einer CEO-Position \u00fcber Jahre internationaler F\u00fchrungsverantwortung bis hin zur Gr\u00fcndung von AvS Advisors. Dabei sprach er \u00fcber die Bedeutung von Haltung, Lernf\u00e4higkeit und sozialer Reife f\u00fcr verantwortungsvolle F\u00fchrung und ermutigte die Studierenden, den eigenen Weg nicht an linearen Karrierebildern auszurichten: <em data-start=\"1210\" data-end=\"1272\">\u201eThere is no right or wrong \u2013 and one size doesn\u2019t fit all.\u201c<\/em><\/p>\n<p>Die Verbundenheit zur EBS Universit\u00e4t f\u00fcr Wirtschaft und Recht ist biografisch gewachsen. Von Specht studierte von 1979 bis 1984 und erwarb einen Abschluss vom Netzwerk der European Business School in Deutschland, Gro\u00dfbritannien und Frankreich. Die R\u00fcckkehr als Gastredner war f\u00fcr ihn eine R\u00fcckkehr an die Alma Mater und eine Gelegenheit zum direkten Dialog mit der n\u00e4chsten Generation.<\/p>\n<\/div><\/section><br \/>\n\n<style type=\"text\/css\" data-created_by=\"avia_inline_auto\" id=\"style-css-av-mh1xm9mr-136d336e535ac8c8c251e3c5ca4137a2\">\n#top .hr.hr-invisible.av-mh1xm9mr-136d336e535ac8c8c251e3c5ca4137a2{\nheight:50px;\n}\n<\/style>\n<div  class='hr av-mh1xm9mr-136d336e535ac8c8c251e3c5ca4137a2 hr-invisible  avia-builder-el-8  el_after_av_textblock  el_before_av_buttonrow '><span class='hr-inner '><span class=\"hr-inner-style\"><\/span><\/span><\/div><br \/>\n<div  class='avia-buttonrow-wrap av-k61ze9w6-2c66c2e3bcfe7e8073444c0541280867 avia-buttonrow-right  avia-builder-el-9  el_after_av_hr  avia-builder-el-last '>\n\n<style type=\"text\/css\" data-created_by=\"avia_inline_auto\" id=\"style-css-av-oseuec-492c1655b13d8e40b804cabc82cda6a8\">\n#top #wrap_all .avia-button.av-oseuec-492c1655b13d8e40b804cabc82cda6a8{\nmargin-bottom:10px;\nmargin-left:10px;\n}\n<\/style>\n<a href='https:\/\/avs-advisors.com\/de\/neuigkeiten'  class='avia-button av-oseuec-492c1655b13d8e40b804cabc82cda6a8 avia-icon_select-yes-left-icon avia-size-small avia-color-theme-color'  ><span class='avia_button_icon avia_button_icon_left ' aria-hidden='true' data-av_icon='\ue830' data-av_iconfont='entypo-fontello'><\/span><span class='avia_iconbox_title' >Zur\u00fcck<\/span><\/a>\n<\/div><\/p><\/div>\n<style type=\"text\/css\" data-created_by=\"avia_inline_auto\" id=\"style-css-av-2a6n1o-6aeba8d515cc66995d2ad0cbef497f1c\">\n.flex_column.av-2a6n1o-6aeba8d515cc66995d2ad0cbef497f1c{\n-webkit-border-radius:0px 0px 0px 0px;\n-moz-border-radius:0px 0px 0px 0px;\nborder-radius:0px 0px 0px 0px;\npadding:0px 0px 0px 0px;\n}\n<\/style>\n<div class='flex_column av-2a6n1o-6aeba8d515cc66995d2ad0cbef497f1c av_one_fifth  avia-builder-el-10  el_after_av_three_fifth  avia-builder-el-last  flex_column_div av-zero-column-padding '     ><\/div><\/p>\n","protected":false},"excerpt":{"rendered":"","protected":false},"author":5,"featured_media":21993,"comment_status":"closed","ping_status":"closed","sticky":false,"template":"","format":"standard","meta":{"inline_featured_image":false,"footnotes":""},"categories":[66],"tags":[],"yoast_head":"<!-- This site is optimized with the Yoast SEO plugin v21.6 - https:\/\/yoast.com\/wordpress\/plugins\/seo\/ -->\n<title>Andreas von Specht als Gastredner beim 36. EBS Symposium - AvS Advisors<\/title>\n<meta name=\"robots\" content=\"index, follow, max-snippet:-1, max-image-preview:large, max-video-preview:-1\" \/>\n<link rel=\"canonical\" href=\"https:\/\/avs-advisors.com\/de\/andreas-von-specht-als-gastredner-beim-36-ebs-symposium\/\" \/>\n<meta property=\"og:locale\" content=\"de_DE\" \/>\n<meta property=\"og:type\" content=\"article\" \/>\n<meta property=\"og:title\" content=\"Andreas von Specht als Gastredner beim 36. EBS Symposium - AvS Advisors\" \/>\n<meta property=\"og:url\" content=\"https:\/\/avs-advisors.com\/de\/andreas-von-specht-als-gastredner-beim-36-ebs-symposium\/\" \/>\n<meta property=\"og:site_name\" content=\"AvS Advisors\" \/>\n<meta property=\"article:published_time\" content=\"2025-10-22T11:51:11+00:00\" \/>\n<meta property=\"article:modified_time\" content=\"2026-01-07T11:23:47+00:00\" \/>\n<meta property=\"og:image\" content=\"https:\/\/avs-advisors.com\/wp-content\/uploads\/2025\/10\/AvS_EBS_Symposium.png\" \/>\n\t<meta property=\"og:image:width\" content=\"776\" \/>\n\t<meta property=\"og:image:height\" content=\"776\" \/>\n\t<meta property=\"og:image:type\" content=\"image\/png\" \/>\n<meta name=\"author\" content=\"Julia Nelles\" \/>\n<meta name=\"twitter:card\" content=\"summary_large_image\" \/>\n<meta name=\"twitter:label1\" content=\"Verfasst von\" \/>\n\t<meta name=\"twitter:data1\" content=\"Julia Nelles\" \/>\n\t<meta name=\"twitter:label2\" content=\"Gesch\u00e4tzte Lesezeit\" \/>\n\t<meta name=\"twitter:data2\" content=\"5\u00a0Minuten\" \/>\n<script type=\"application\/ld+json\" class=\"yoast-schema-graph\">{\"@context\":\"https:\/\/schema.org\",\"@graph\":[{\"@type\":\"Article\",\"@id\":\"https:\/\/avs-advisors.com\/de\/andreas-von-specht-als-gastredner-beim-36-ebs-symposium\/#article\",\"isPartOf\":{\"@id\":\"https:\/\/avs-advisors.com\/de\/andreas-von-specht-als-gastredner-beim-36-ebs-symposium\/\"},\"author\":{\"name\":\"Julia Nelles\",\"@id\":\"https:\/\/avs-advisors.com\/#\/schema\/person\/294aa84b475e84e323e933a3b89ea225\"},\"headline\":\"Andreas von Specht als Gastredner beim 36. EBS Symposium\",\"datePublished\":\"2025-10-22T11:51:11+00:00\",\"dateModified\":\"2026-01-07T11:23:47+00:00\",\"mainEntityOfPage\":{\"@id\":\"https:\/\/avs-advisors.com\/de\/andreas-von-specht-als-gastredner-beim-36-ebs-symposium\/\"},\"wordCount\":1338,\"publisher\":{\"@id\":\"https:\/\/avs-advisors.com\/#organization\"},\"articleSection\":[\"Neuigkeiten\"],\"inLanguage\":\"de\"},{\"@type\":\"WebPage\",\"@id\":\"https:\/\/avs-advisors.com\/de\/andreas-von-specht-als-gastredner-beim-36-ebs-symposium\/\",\"url\":\"https:\/\/avs-advisors.com\/de\/andreas-von-specht-als-gastredner-beim-36-ebs-symposium\/\",\"name\":\"Andreas von Specht als Gastredner beim 36. EBS Symposium - AvS Advisors\",\"isPartOf\":{\"@id\":\"https:\/\/avs-advisors.com\/#website\"},\"datePublished\":\"2025-10-22T11:51:11+00:00\",\"dateModified\":\"2026-01-07T11:23:47+00:00\",\"breadcrumb\":{\"@id\":\"https:\/\/avs-advisors.com\/de\/andreas-von-specht-als-gastredner-beim-36-ebs-symposium\/#breadcrumb\"},\"inLanguage\":\"de\",\"potentialAction\":[{\"@type\":\"ReadAction\",\"target\":[\"https:\/\/avs-advisors.com\/de\/andreas-von-specht-als-gastredner-beim-36-ebs-symposium\/\"]}]},{\"@type\":\"BreadcrumbList\",\"@id\":\"https:\/\/avs-advisors.com\/de\/andreas-von-specht-als-gastredner-beim-36-ebs-symposium\/#breadcrumb\",\"itemListElement\":[{\"@type\":\"ListItem\",\"position\":1,\"name\":\"Home\",\"item\":\"https:\/\/avs-advisors.com\/de\/\"},{\"@type\":\"ListItem\",\"position\":2,\"name\":\"Andreas von Specht als Gastredner beim 36. EBS Symposium\"}]},{\"@type\":\"WebSite\",\"@id\":\"https:\/\/avs-advisors.com\/#website\",\"url\":\"https:\/\/avs-advisors.com\/\",\"name\":\"AvS Advisors\",\"description\":\"Welcome\",\"publisher\":{\"@id\":\"https:\/\/avs-advisors.com\/#organization\"},\"potentialAction\":[{\"@type\":\"SearchAction\",\"target\":{\"@type\":\"EntryPoint\",\"urlTemplate\":\"https:\/\/avs-advisors.com\/?s={search_term_string}\"},\"query-input\":\"required name=search_term_string\"}],\"inLanguage\":\"de\"},{\"@type\":\"Organization\",\"@id\":\"https:\/\/avs-advisors.com\/#organization\",\"name\":\"Andreas von Specht \u2013 International Trusted Advisors GmbH\",\"url\":\"https:\/\/avs-advisors.com\/\",\"logo\":{\"@type\":\"ImageObject\",\"inLanguage\":\"de\",\"@id\":\"https:\/\/avs-advisors.com\/#\/schema\/logo\/image\/\",\"url\":\"https:\/\/avs-advisors.com\/wp-content\/uploads\/2023\/02\/AvS_Pantone_Gruen_003.svg\",\"contentUrl\":\"https:\/\/avs-advisors.com\/wp-content\/uploads\/2023\/02\/AvS_Pantone_Gruen_003.svg\",\"width\":\"1030\",\"height\":\"1030\",\"caption\":\"Andreas von Specht \u2013 International Trusted Advisors GmbH\"},\"image\":{\"@id\":\"https:\/\/avs-advisors.com\/#\/schema\/logo\/image\/\"},\"sameAs\":[\"https:\/\/www.linkedin.com\/company\/2461737\"]},{\"@type\":\"Person\",\"@id\":\"https:\/\/avs-advisors.com\/#\/schema\/person\/294aa84b475e84e323e933a3b89ea225\",\"name\":\"Julia Nelles\",\"url\":\"https:\/\/avs-advisors.com\/de\/author\/julianellesavs\/\"}]}<\/script>\n<!-- \/ Yoast SEO plugin. -->","yoast_head_json":{"title":"Andreas von Specht als Gastredner beim 36. EBS Symposium - AvS Advisors","robots":{"index":"index","follow":"follow","max-snippet":"max-snippet:-1","max-image-preview":"max-image-preview:large","max-video-preview":"max-video-preview:-1"},"canonical":"https:\/\/avs-advisors.com\/de\/andreas-von-specht-als-gastredner-beim-36-ebs-symposium\/","og_locale":"de_DE","og_type":"article","og_title":"Andreas von Specht als Gastredner beim 36. EBS Symposium - AvS Advisors","og_url":"https:\/\/avs-advisors.com\/de\/andreas-von-specht-als-gastredner-beim-36-ebs-symposium\/","og_site_name":"AvS Advisors","article_published_time":"2025-10-22T11:51:11+00:00","article_modified_time":"2026-01-07T11:23:47+00:00","og_image":[{"width":776,"height":776,"url":"https:\/\/avs-advisors.com\/wp-content\/uploads\/2025\/10\/AvS_EBS_Symposium.png","type":"image\/png"}],"author":"Julia Nelles","twitter_card":"summary_large_image","twitter_misc":{"Verfasst von":"Julia Nelles","Gesch\u00e4tzte Lesezeit":"5\u00a0Minuten"},"schema":{"@context":"https:\/\/schema.org","@graph":[{"@type":"Article","@id":"https:\/\/avs-advisors.com\/de\/andreas-von-specht-als-gastredner-beim-36-ebs-symposium\/#article","isPartOf":{"@id":"https:\/\/avs-advisors.com\/de\/andreas-von-specht-als-gastredner-beim-36-ebs-symposium\/"},"author":{"name":"Julia Nelles","@id":"https:\/\/avs-advisors.com\/#\/schema\/person\/294aa84b475e84e323e933a3b89ea225"},"headline":"Andreas von Specht als Gastredner beim 36. EBS Symposium","datePublished":"2025-10-22T11:51:11+00:00","dateModified":"2026-01-07T11:23:47+00:00","mainEntityOfPage":{"@id":"https:\/\/avs-advisors.com\/de\/andreas-von-specht-als-gastredner-beim-36-ebs-symposium\/"},"wordCount":1338,"publisher":{"@id":"https:\/\/avs-advisors.com\/#organization"},"articleSection":["Neuigkeiten"],"inLanguage":"de"},{"@type":"WebPage","@id":"https:\/\/avs-advisors.com\/de\/andreas-von-specht-als-gastredner-beim-36-ebs-symposium\/","url":"https:\/\/avs-advisors.com\/de\/andreas-von-specht-als-gastredner-beim-36-ebs-symposium\/","name":"Andreas von Specht als Gastredner beim 36. EBS Symposium - AvS Advisors","isPartOf":{"@id":"https:\/\/avs-advisors.com\/#website"},"datePublished":"2025-10-22T11:51:11+00:00","dateModified":"2026-01-07T11:23:47+00:00","breadcrumb":{"@id":"https:\/\/avs-advisors.com\/de\/andreas-von-specht-als-gastredner-beim-36-ebs-symposium\/#breadcrumb"},"inLanguage":"de","potentialAction":[{"@type":"ReadAction","target":["https:\/\/avs-advisors.com\/de\/andreas-von-specht-als-gastredner-beim-36-ebs-symposium\/"]}]},{"@type":"BreadcrumbList","@id":"https:\/\/avs-advisors.com\/de\/andreas-von-specht-als-gastredner-beim-36-ebs-symposium\/#breadcrumb","itemListElement":[{"@type":"ListItem","position":1,"name":"Home","item":"https:\/\/avs-advisors.com\/de\/"},{"@type":"ListItem","position":2,"name":"Andreas von Specht als Gastredner beim 36. EBS Symposium"}]},{"@type":"WebSite","@id":"https:\/\/avs-advisors.com\/#website","url":"https:\/\/avs-advisors.com\/","name":"AvS Advisors","description":"Welcome","publisher":{"@id":"https:\/\/avs-advisors.com\/#organization"},"potentialAction":[{"@type":"SearchAction","target":{"@type":"EntryPoint","urlTemplate":"https:\/\/avs-advisors.com\/?s={search_term_string}"},"query-input":"required name=search_term_string"}],"inLanguage":"de"},{"@type":"Organization","@id":"https:\/\/avs-advisors.com\/#organization","name":"Andreas von Specht \u2013 International Trusted Advisors GmbH","url":"https:\/\/avs-advisors.com\/","logo":{"@type":"ImageObject","inLanguage":"de","@id":"https:\/\/avs-advisors.com\/#\/schema\/logo\/image\/","url":"https:\/\/avs-advisors.com\/wp-content\/uploads\/2023\/02\/AvS_Pantone_Gruen_003.svg","contentUrl":"https:\/\/avs-advisors.com\/wp-content\/uploads\/2023\/02\/AvS_Pantone_Gruen_003.svg","width":"1030","height":"1030","caption":"Andreas von Specht \u2013 International Trusted Advisors GmbH"},"image":{"@id":"https:\/\/avs-advisors.com\/#\/schema\/logo\/image\/"},"sameAs":["https:\/\/www.linkedin.com\/company\/2461737"]},{"@type":"Person","@id":"https:\/\/avs-advisors.com\/#\/schema\/person\/294aa84b475e84e323e933a3b89ea225","name":"Julia Nelles","url":"https:\/\/avs-advisors.com\/de\/author\/julianellesavs\/"}]}},"_links":{"self":[{"href":"https:\/\/avs-advisors.com\/de\/wp-json\/wp\/v2\/posts\/21992"}],"collection":[{"href":"https:\/\/avs-advisors.com\/de\/wp-json\/wp\/v2\/posts"}],"about":[{"href":"https:\/\/avs-advisors.com\/de\/wp-json\/wp\/v2\/types\/post"}],"author":[{"embeddable":true,"href":"https:\/\/avs-advisors.com\/de\/wp-json\/wp\/v2\/users\/5"}],"replies":[{"embeddable":true,"href":"https:\/\/avs-advisors.com\/de\/wp-json\/wp\/v2\/comments?post=21992"}],"version-history":[{"count":11,"href":"https:\/\/avs-advisors.com\/de\/wp-json\/wp\/v2\/posts\/21992\/revisions"}],"predecessor-version":[{"id":22365,"href":"https:\/\/avs-advisors.com\/de\/wp-json\/wp\/v2\/posts\/21992\/revisions\/22365"}],"wp:featuredmedia":[{"embeddable":true,"href":"https:\/\/avs-advisors.com\/de\/wp-json\/wp\/v2\/media\/21993"}],"wp:attachment":[{"href":"https:\/\/avs-advisors.com\/de\/wp-json\/wp\/v2\/media?parent=21992"}],"wp:term":[{"taxonomy":"category","embeddable":true,"href":"https:\/\/avs-advisors.com\/de\/wp-json\/wp\/v2\/categories?post=21992"},{"taxonomy":"post_tag","embeddable":true,"href":"https:\/\/avs-advisors.com\/de\/wp-json\/wp\/v2\/tags?post=21992"}],"curies":[{"name":"wp","href":"https:\/\/api.w.org\/{rel}","templated":true}]}}